{"id":3746,"date":"2019-08-20T12:34:31","date_gmt":"2019-08-20T12:34:31","guid":{"rendered":"http:\/\/enteculturalsantafesino.com.ar\/usina5\/?p=3746"},"modified":"2019-08-20T12:34:41","modified_gmt":"2019-08-20T12:34:41","slug":"san-cristobal-ya-tiene-a-sus-representantes-para-el-torneo-provincial-de-bolitas","status":"publish","type":"post","link":"https:\/\/enteculturalsantafesino.com.ar\/usina5\/2019\/08\/san-cristobal-ya-tiene-a-sus-representantes-para-el-torneo-provincial-de-bolitas\/","title":{"rendered":"San Crist\u00f3bal ya tiene a sus representantes para el \u00abTorneo Provincial de Bolitas\u00bb"},"content":{"rendered":"\n<p>Con la organizaci\u00f3n de la <strong>Vecinal de Barrio Bustamante<\/strong>, se llevaron adelante los festejos del D\u00eda del Ni\u00f1o con nutrida participaci\u00f3n de familias en general.<\/p>\n\n\n\n<p>Con m\u00e1s de 70 inscriptos se llev\u00f3 adelante el <strong>\u00ab3\u00b0 Torneo Provincial de Bolitas\u00bb-\u00abCopa Cristaler\u00eda San Carlos\u00bb<\/strong> el cual se encuentra auspiciado por la <strong>Diputada Provincial Claudia Giaccone<\/strong><\/p>\n\n\n\n<p>Repitiendo la exitosa experiencia de los a\u00f1os anteriores y recogiendo esta actividad l\u00fadica&nbsp;la cual se&nbsp;extiende en m\u00e1s de cien comunidades, buscando difundir no solo este juego tradicional, sino tambi\u00e9n la producci\u00f3n y la cultura del trabajo santafesino.<\/p>\n\n\n\n<p>El certamen cuenta con competencias locales, luego regionales y la gran final que ser\u00e1 en la ciudad de San Jorge (29 de septiembre) posibilitando que los participantes recorran la primera f\u00e1brica argentina de Bolitas de Cristal.<\/p>\n\n\n\n<p><strong>El torneo presenta 4 categor\u00edas:<\/strong><\/p>\n\n\n\n<p>Categor\u00eda \u201cA\u201d de 8 a 12 a\u00f1os; Categor\u00eda \u201cB\u201d de 13 a 15 a\u00f1os; Categor\u00eda \u201cC\u201d de 16 a 30 a\u00f1os; y Categor\u00eda \u201cD\u201d de 31 en adelante<\/p>\n\n\n\n<p>Los ganadores pasaron a la instancia regional la cual se desarrollar\u00e1 en la ciudad de&nbsp;<strong>Villa Trinidad, el 14 de septiembre<\/strong><\/p>\n\n\n\n<p>El certamen cuenta con competencias locales, luego regionales y la gran final que ser\u00e1 en la ciudad de San Jorge el 29 de septiembre, posibilitando que los participantes recorran la primera f\u00e1brica argentina de Bolitas de Cristal.<\/p>\n\n\n\n<p><strong><em>Ganadores:<\/em><\/strong><\/p>\n\n\n\n<p><strong>Categor\u00eda A: <\/strong>Agust\u00edn D\u00edaz<\/p>\n\n\n\n<p><strong>Categor\u00eda B: <\/strong>Lautaro Braccacini<\/p>\n\n\n\n<p><\/p>\n","protected":false},"excerpt":{"rendered":"<p>Con la organizaci\u00f3n de la Vecinal de Barrio Bustamante, se llevaron adelante los festejos del D\u00eda del [&hellip;]<\/p>\n","protected":false},"author":3,"featured_media":3747,"comment_status":"open","ping_status":"open","sticky":false,"template":"","format":"standard","meta":{"_jetpack_memberships_contains_paid_content":false,"footnotes":"","jetpack_publicize_message":"","jetpack_publicize_feature_enabled":true,"jetpack_social_post_already_shared":true,"jetpack_social_options":{"image_generator_settings":{"template":"highway","enabled":false}}},"categories":[6,12],"tags":[],"jetpack_publicize_connections":[],"jetpack_featured_media_url":"https:\/\/enteculturalsantafesino.com.ar\/usina5\/wp-content\/uploads\/2019\/08\/68537740_1473913986084461_144501395830079488_n.jpg","jetpack_sharing_enabled":true,"_links":{"self":[{"href":"https:\/\/enteculturalsantafesino.com.ar\/usina5\/wp-json\/wp\/v2\/posts\/3746"}],"collection":[{"href":"https:\/\/enteculturalsantafesino.com.ar\/usina5\/wp-json\/wp\/v2\/posts"}],"about":[{"href":"https:\/\/enteculturalsantafesino.com.ar\/usina5\/wp-json\/wp\/v2\/types\/post"}],"author":[{"embeddable":true,"href":"https:\/\/enteculturalsantafesino.com.ar\/usina5\/wp-json\/wp\/v2\/users\/3"}],"replies":[{"embeddable":true,"href":"https:\/\/enteculturalsantafesino.com.ar\/usina5\/wp-json\/wp\/v2\/comments?post=3746"}],"version-history":[{"count":2,"href":"https:\/\/enteculturalsantafesino.com.ar\/usina5\/wp-json\/wp\/v2\/posts\/3746\/revisions"}],"predecessor-version":[{"id":3750,"href":"https:\/\/enteculturalsantafesino.com.ar\/usina5\/wp-json\/wp\/v2\/posts\/3746\/revisions\/3750"}],"wp:featuredmedia":[{"embeddable":true,"href":"https:\/\/enteculturalsantafesino.com.ar\/usina5\/wp-json\/wp\/v2\/media\/3747"}],"wp:attachment":[{"href":"https:\/\/enteculturalsantafesino.com.ar\/usina5\/wp-json\/wp\/v2\/media?parent=3746"}],"wp:term":[{"taxonomy":"category","embeddable":true,"href":"https:\/\/enteculturalsantafesino.com.ar\/usina5\/wp-json\/wp\/v2\/categories?post=3746"},{"taxonomy":"post_tag","embeddable":true,"href":"https:\/\/enteculturalsantafesino.com.ar\/usina5\/wp-json\/wp\/v2\/tags?post=3746"}],"curies":[{"name":"wp","href":"https:\/\/api.w.org\/{rel}","templated":true}]}}