{"id":3899,"date":"2020-01-05T22:25:23","date_gmt":"2020-01-05T22:25:23","guid":{"rendered":"http:\/\/enteculturalsantafesino.com.ar\/usina5\/?p=3899"},"modified":"2020-01-05T22:25:29","modified_gmt":"2020-01-05T22:25:29","slug":"la-nueva-reina-nacional-del-camping-es-de-freyre","status":"publish","type":"post","link":"https:\/\/enteculturalsantafesino.com.ar\/usina5\/2020\/01\/la-nueva-reina-nacional-del-camping-es-de-freyre\/","title":{"rendered":"La nueva Reina Nacional del Camping es de Freyre"},"content":{"rendered":"\n<h4 class=\"wp-block-heading\">El evento se desarroll\u00f3 en la noche del s\u00e1bado en el Parque Comunal \u00abAlfonsina Storni\u00bb de San Guillermo ante un buen marco de p\u00fablico que disfrut\u00f3 de una hermosa jornada. El acto protocolar estuvo encabezado por la Intendente Interina, Romina L\u00f3pez<\/h4>\n\n\n\n<p>Reina<strong>: Martina Carignano&nbsp;<\/strong>(Freyre)<br>1\u00b0 Princesa: Katerina Pierantoni ( San Gmo)<br>2\u00b0 Princesa: Anabella Costamagna ( Ceres )<br><br><strong>En los espect\u00e1culos se presentaron:<\/strong><\/p>\n\n\n\n<p>*COMEDIA CIRCENSE \u201cGRUPO ELECTR\u00d3GENO\u201d<br>*BANDA LOCAL \u201cEL ECO\u201d<br>*BANDA LOCAL \u201cSEXTO SENTIDO\u201d<br>*SHOW DE DANZA CONTEMPOR\u00c1NEA DE MARA CASANI<br>*BATUCADA SCOLA DO SAMBA DEL CLUB UNI\u00d3N<br>*LOS CAYETANOS<br>*FACU GUTI\u00c9RREZ<\/p>\n\n\n\n<p><strong>Fuente: Radio Belgrano Suardi<\/strong><br><\/p>\n","protected":false},"excerpt":{"rendered":"<p>El evento se desarroll\u00f3 en la noche del s\u00e1bado en el Parque Comunal \u00abAlfonsina Storni\u00bb de San [&hellip;]<\/p>\n","protected":false},"author":3,"featured_media":3900,"comment_status":"open","ping_status":"open","sticky":false,"template":"","format":"standard","meta":{"_jetpack_memberships_contains_paid_content":false,"footnotes":"","jetpack_publicize_message":"","jetpack_publicize_feature_enabled":true,"jetpack_social_post_already_shared":true,"jetpack_social_options":{"image_generator_settings":{"template":"highway","enabled":false}}},"categories":[10],"tags":[],"jetpack_publicize_connections":[],"jetpack_featured_media_url":"https:\/\/enteculturalsantafesino.com.ar\/usina5\/wp-content\/uploads\/2020\/01\/12299-reinadelcamping.jpg","jetpack_sharing_enabled":true,"_links":{"self":[{"href":"https:\/\/enteculturalsantafesino.com.ar\/usina5\/wp-json\/wp\/v2\/posts\/3899"}],"collection":[{"href":"https:\/\/enteculturalsantafesino.com.ar\/usina5\/wp-json\/wp\/v2\/posts"}],"about":[{"href":"https:\/\/enteculturalsantafesino.com.ar\/usina5\/wp-json\/wp\/v2\/types\/post"}],"author":[{"embeddable":true,"href":"https:\/\/enteculturalsantafesino.com.ar\/usina5\/wp-json\/wp\/v2\/users\/3"}],"replies":[{"embeddable":true,"href":"https:\/\/enteculturalsantafesino.com.ar\/usina5\/wp-json\/wp\/v2\/comments?post=3899"}],"version-history":[{"count":1,"href":"https:\/\/enteculturalsantafesino.com.ar\/usina5\/wp-json\/wp\/v2\/posts\/3899\/revisions"}],"predecessor-version":[{"id":3901,"href":"https:\/\/enteculturalsantafesino.com.ar\/usina5\/wp-json\/wp\/v2\/posts\/3899\/revisions\/3901"}],"wp:featuredmedia":[{"embeddable":true,"href":"https:\/\/enteculturalsantafesino.com.ar\/usina5\/wp-json\/wp\/v2\/media\/3900"}],"wp:attachment":[{"href":"https:\/\/enteculturalsantafesino.com.ar\/usina5\/wp-json\/wp\/v2\/media?parent=3899"}],"wp:term":[{"taxonomy":"category","embeddable":true,"href":"https:\/\/enteculturalsantafesino.com.ar\/usina5\/wp-json\/wp\/v2\/categories?post=3899"},{"taxonomy":"post_tag","embeddable":true,"href":"https:\/\/enteculturalsantafesino.com.ar\/usina5\/wp-json\/wp\/v2\/tags?post=3899"}],"curies":[{"name":"wp","href":"https:\/\/api.w.org\/{rel}","templated":true}]}}