{"id":3946,"date":"2020-04-29T02:13:12","date_gmt":"2020-04-29T02:13:12","guid":{"rendered":"http:\/\/enteculturalsantafesino.com.ar\/usina5\/?p=3946"},"modified":"2020-04-29T02:13:16","modified_gmt":"2020-04-29T02:13:16","slug":"codo-a-codo-junto-al-ente-cultural-santafesino","status":"publish","type":"post","link":"https:\/\/enteculturalsantafesino.com.ar\/usina5\/2020\/04\/codo-a-codo-junto-al-ente-cultural-santafesino\/","title":{"rendered":"Codo a codo junto al Ente Cultural Santafesino"},"content":{"rendered":"\n<p>Una nueva teleconferencia, permiti\u00f3 que el <strong>Equipo Directivo<\/strong> del <strong>Ente Cultural Santafesino<\/strong> se encuentre, con el  prop\u00f3sito de seguir y acompa\u00f1ar el <strong>\u00abPlan Anual 2020\u00bb <\/strong>en cada una de las <strong>Usinas Culturales<\/strong>.<\/p>\n\n\n\n<p><em>\u00abLos distintos programas y acciones culturales presentadas el \u00faltimo 15 de abril ya se encuentran en marcha y se ir\u00e1n desarrollando en cada rinc\u00f3n de la provincia y del sudeste cordob\u00e9s\u00bb<\/em> se\u00f1al\u00f3 <strong>Franco Pietrani.<\/strong><\/p>\n\n\n\n<p><em>\u00abEl Ente Cultural Santafesino sin lugar a dudas sigue super\u00e1ndose con la suma y adhesi\u00f3n de voluntades\u00bb . \u00abAnte esta pandemia hemos recepcionado a nuevas comunidades, las cuales nos obligan a superarnos y exigirnos en el trabajo cotidiano\u00bb<\/em> finalizo Pietrani<\/p>\n\n\n\n<p>De la jornada participaron el Presidente del Ente Cultural Santafesino Franco Pietrani (Acebal) y los Directores de las distintas Usinas:  <em>Claudio Pellegrini (Villa Eloisa) Isabella Perazzo (Tortugas), Maximiliano Depetris (Ramona), Carla Vergano (Peyrano) Julian Dorthe (Labordeboy), Olga Migno (Cayasta), Javier Donetti (Recreo), Alejandra Barrios (Ambrosetti), Jose Medina (Tostado), Natalia Cereijo (Reconquista), Silvio Oliva (Las Garzas) y el Coordinador General Leonardo Carrozza (Maria Susana)<\/em><\/p>\n\n\n\n<p>Esta situaci\u00f3n mundial que lleva al aislamiento preventivo y obligatorio por el Covid-19; origino que el Ente Cultural Santafesino este ante un nuevo desafi\u00f3; en sus 12 a\u00f1os de existencia, permitir\u00e1 seguir abordando pol\u00edticas culturales de manera federal, plural,  en cada pueblo y ciudad de la provincia de Santa Fe y del sudeste cordob\u00e9s.<\/p>\n","protected":false},"excerpt":{"rendered":"<p>Una nueva teleconferencia, permiti\u00f3 que el Equipo Directivo del Ente Cultural Santafesino se encuentre, con el prop\u00f3sito [&hellip;]<\/p>\n","protected":false},"author":3,"featured_media":3947,"comment_status":"open","ping_status":"open","sticky":false,"template":"","format":"standard","meta":{"_jetpack_memberships_contains_paid_content":false,"footnotes":"","jetpack_publicize_message":"","jetpack_publicize_feature_enabled":true,"jetpack_social_post_already_shared":true,"jetpack_social_options":{"image_generator_settings":{"template":"highway","enabled":false}}},"categories":[6],"tags":[],"jetpack_publicize_connections":[],"jetpack_featured_media_url":"https:\/\/enteculturalsantafesino.com.ar\/usina5\/wp-content\/uploads\/2020\/04\/5ad0279a-91c0-416e-92d2-7a7797c80973.jpg","jetpack_sharing_enabled":true,"_links":{"self":[{"href":"https:\/\/enteculturalsantafesino.com.ar\/usina5\/wp-json\/wp\/v2\/posts\/3946"}],"collection":[{"href":"https:\/\/enteculturalsantafesino.com.ar\/usina5\/wp-json\/wp\/v2\/posts"}],"about":[{"href":"https:\/\/enteculturalsantafesino.com.ar\/usina5\/wp-json\/wp\/v2\/types\/post"}],"author":[{"embeddable":true,"href":"https:\/\/enteculturalsantafesino.com.ar\/usina5\/wp-json\/wp\/v2\/users\/3"}],"replies":[{"embeddable":true,"href":"https:\/\/enteculturalsantafesino.com.ar\/usina5\/wp-json\/wp\/v2\/comments?post=3946"}],"version-history":[{"count":1,"href":"https:\/\/enteculturalsantafesino.com.ar\/usina5\/wp-json\/wp\/v2\/posts\/3946\/revisions"}],"predecessor-version":[{"id":3948,"href":"https:\/\/enteculturalsantafesino.com.ar\/usina5\/wp-json\/wp\/v2\/posts\/3946\/revisions\/3948"}],"wp:featuredmedia":[{"embeddable":true,"href":"https:\/\/enteculturalsantafesino.com.ar\/usina5\/wp-json\/wp\/v2\/media\/3947"}],"wp:attachment":[{"href":"https:\/\/enteculturalsantafesino.com.ar\/usina5\/wp-json\/wp\/v2\/media?parent=3946"}],"wp:term":[{"taxonomy":"category","embeddable":true,"href":"https:\/\/enteculturalsantafesino.com.ar\/usina5\/wp-json\/wp\/v2\/categories?post=3946"},{"taxonomy":"post_tag","embeddable":true,"href":"https:\/\/enteculturalsantafesino.com.ar\/usina5\/wp-json\/wp\/v2\/tags?post=3946"}],"curies":[{"name":"wp","href":"https:\/\/api.w.org\/{rel}","templated":true}]}}