{"id":3949,"date":"2020-05-02T17:17:06","date_gmt":"2020-05-02T17:17:06","guid":{"rendered":"http:\/\/enteculturalsantafesino.com.ar\/usina5\/?p=3949"},"modified":"2020-05-02T17:17:08","modified_gmt":"2020-05-02T17:17:08","slug":"todas-las-voces-de-la-cultura-pasan-por-ambito-c","status":"publish","type":"post","link":"https:\/\/enteculturalsantafesino.com.ar\/usina5\/2020\/05\/todas-las-voces-de-la-cultura-pasan-por-ambito-c\/","title":{"rendered":"Todas las voces de la Cultura pasan por \u00ab\u00c1mbito C\u00bb"},"content":{"rendered":"\n<p>En el marco del programa\u00a0<strong>#EnteNosotros\u00a0<\/strong>el cual se desarrolla dentro del contexto de aislamiento preventivo y obligatorio por el Covid-19; el programa\u00a0<strong>\u00ab\u00c1mbito C\u00bb\u00a0<\/strong>sigue uniendo las voces de nuestra cultura.<\/p>\n\n\n\n<p>Dicha propuesta lleg\u00f3 en formato virtual a trav\u00e9s de instagram, permitiendo la uni\u00f3n, la difusi\u00f3n y el fortalecimiento del trabajo cultural de los pueblos y ciudades del&nbsp;<strong>Ente Cultural Santafesino.<\/strong><\/p>\n\n\n\n<p>De lunes a viernes desde 18hs con la impecable conducci\u00f3n y profesionalismo de\u00a0<strong>Gabriel Ruiz<\/strong>\u00a0(<em>San Crist\u00f3bal<\/em>) representantes y referentes culturales de la provincia de Santa Fe y C\u00f3rdoba comparten sus vivencias, gestiones, actividades y proyectos desde sus hogares.<\/p>\n\n\n\n<p>Durante la cuarta semana pasaron por los micr\u00f3fonos de\u00a0<strong>\u00ab\u00c1mbito C\u00bb<\/strong>:\u00a0<em>Natalia Bullentini (Uranga y \u00c1lvarez), Natalia Cereijo (Reconquista), Marcos Montechiari (Marcos Juarez), Horacio Tamantini (Correa) y Gustavo<\/em> Calzolari (Bell Ville)<\/p>\n\n\n\n<div class=\"wp-block-image\"><figure class=\"alignright size-large is-resized\"><img loading=\"lazy\" decoding=\"async\" src=\"http:\/\/enteculturalsantafesino.com.ar\/usina5\/wp-content\/uploads\/2020\/05\/18c0b06d-18ef-410d-9f31-eab17aa3cda2-1024x1024.jpg\" alt=\"\" class=\"wp-image-3951\" width=\"188\" height=\"188\" srcset=\"https:\/\/enteculturalsantafesino.com.ar\/usina5\/wp-content\/uploads\/2020\/05\/18c0b06d-18ef-410d-9f31-eab17aa3cda2-1024x1024.jpg 1024w, https:\/\/enteculturalsantafesino.com.ar\/usina5\/wp-content\/uploads\/2020\/05\/18c0b06d-18ef-410d-9f31-eab17aa3cda2-300x300.jpg 300w, https:\/\/enteculturalsantafesino.com.ar\/usina5\/wp-content\/uploads\/2020\/05\/18c0b06d-18ef-410d-9f31-eab17aa3cda2-150x150.jpg 150w, https:\/\/enteculturalsantafesino.com.ar\/usina5\/wp-content\/uploads\/2020\/05\/18c0b06d-18ef-410d-9f31-eab17aa3cda2-768x768.jpg 768w, https:\/\/enteculturalsantafesino.com.ar\/usina5\/wp-content\/uploads\/2020\/05\/18c0b06d-18ef-410d-9f31-eab17aa3cda2-53x53.jpg 53w, https:\/\/enteculturalsantafesino.com.ar\/usina5\/wp-content\/uploads\/2020\/05\/18c0b06d-18ef-410d-9f31-eab17aa3cda2.jpg 1080w\" sizes=\"(max-width: 188px) 100vw, 188px\" \/><\/figure><\/div>\n\n\n\n<p><a href=\"http:\/\/enteculturalsantafesino.com.ar\/ambitoc\/\"><strong>\u00ab\u00c1mbito C\u201d<\/strong><\/a>&nbsp;es una herramienta que permite al Ente Cultural Santafesino mantener y fortalecer la re originada desde junio de 2008; contando con los protagonistas en primera persona desde las distintas localidades que conforman el mapa cultural santafesino.<\/p>\n\n\n\n<p><strong><em>Un poco de historia\u2026<\/em><\/strong><\/p>\n\n\n\n<p>Desde el a\u00f1o 2008<a href=\"http:\/\/enteculturalsantafesino.com.ar\/ambitoc\/\"><strong>&nbsp;\u201c\u00c1mbito C\u201d<\/strong><\/a>&nbsp;se fue extendiendo y enriqueciendo a lo largo del tiempo y del territorio santafesino, con distintos conductores en diversas emisoras provinciales: Mariano Villarruel y Luciana Mariani (FM Renacer-Las Rosas), Gustavo Bertorello y Fernando Banegas (FM Contacto-Las Parejas), Cheli Monti y el Grupo \u201cMilitando Cultura\u201d ( FM First 102.5 -Ceres) , Claudio Pellegrini (FM L\u00edder 87.9 Villa Elo\u00edsa) y Mario Gaset (Bouquet)<\/p>\n","protected":false},"excerpt":{"rendered":"<p>En el marco del programa\u00a0#EnteNosotros\u00a0el cual se desarrolla dentro del contexto de aislamiento preventivo y obligatorio por [&hellip;]<\/p>\n","protected":false},"author":3,"featured_media":3950,"comment_status":"open","ping_status":"open","sticky":false,"template":"","format":"standard","meta":{"_jetpack_memberships_contains_paid_content":false,"footnotes":"","jetpack_publicize_message":"","jetpack_publicize_feature_enabled":true,"jetpack_social_post_already_shared":true,"jetpack_social_options":{"image_generator_settings":{"template":"highway","enabled":false}}},"categories":[6],"tags":[],"jetpack_publicize_connections":[],"jetpack_featured_media_url":"https:\/\/enteculturalsantafesino.com.ar\/usina5\/wp-content\/uploads\/2020\/05\/3eb524aa-a71d-4c77-975a-f219eac11bbf.jpg","jetpack_sharing_enabled":true,"_links":{"self":[{"href":"https:\/\/enteculturalsantafesino.com.ar\/usina5\/wp-json\/wp\/v2\/posts\/3949"}],"collection":[{"href":"https:\/\/enteculturalsantafesino.com.ar\/usina5\/wp-json\/wp\/v2\/posts"}],"about":[{"href":"https:\/\/enteculturalsantafesino.com.ar\/usina5\/wp-json\/wp\/v2\/types\/post"}],"author":[{"embeddable":true,"href":"https:\/\/enteculturalsantafesino.com.ar\/usina5\/wp-json\/wp\/v2\/users\/3"}],"replies":[{"embeddable":true,"href":"https:\/\/enteculturalsantafesino.com.ar\/usina5\/wp-json\/wp\/v2\/comments?post=3949"}],"version-history":[{"count":3,"href":"https:\/\/enteculturalsantafesino.com.ar\/usina5\/wp-json\/wp\/v2\/posts\/3949\/revisions"}],"predecessor-version":[{"id":3954,"href":"https:\/\/enteculturalsantafesino.com.ar\/usina5\/wp-json\/wp\/v2\/posts\/3949\/revisions\/3954"}],"wp:featuredmedia":[{"embeddable":true,"href":"https:\/\/enteculturalsantafesino.com.ar\/usina5\/wp-json\/wp\/v2\/media\/3950"}],"wp:attachment":[{"href":"https:\/\/enteculturalsantafesino.com.ar\/usina5\/wp-json\/wp\/v2\/media?parent=3949"}],"wp:term":[{"taxonomy":"category","embeddable":true,"href":"https:\/\/enteculturalsantafesino.com.ar\/usina5\/wp-json\/wp\/v2\/categories?post=3949"},{"taxonomy":"post_tag","embeddable":true,"href":"https:\/\/enteculturalsantafesino.com.ar\/usina5\/wp-json\/wp\/v2\/tags?post=3949"}],"curies":[{"name":"wp","href":"https:\/\/api.w.org\/{rel}","templated":true}]}}