{"id":3962,"date":"2020-05-12T18:25:22","date_gmt":"2020-05-12T18:25:22","guid":{"rendered":"http:\/\/enteculturalsantafesino.com.ar\/usina5\/?p=3962"},"modified":"2020-05-12T18:25:25","modified_gmt":"2020-05-12T18:25:25","slug":"vuelve-el-radioteatro-de-la-mano-del-ente-cultural-santafesino","status":"publish","type":"post","link":"https:\/\/enteculturalsantafesino.com.ar\/usina5\/2020\/05\/vuelve-el-radioteatro-de-la-mano-del-ente-cultural-santafesino\/","title":{"rendered":"Vuelve el RadioTeatro de la mano del Ente Cultural Santafesino"},"content":{"rendered":"\n<h4 class=\"wp-block-heading\"><em>De lunes  a viernes a las 20hs viv\u00ed el RadioTeatro<\/em><\/h4>\n\n\n\n<p> En el marco del programa&nbsp;<strong>#EnteNosotros&nbsp;<\/strong>el cual se desarrolla dentro del contexto de aislamiento preventivo y obligatorio por el Covid-19; el<strong> Ente Cultural Santafesino<\/strong> pone en marcha una nueva propuesta cultural. <\/p>\n\n\n\n<p>A partir del <strong>lunes 18 <\/strong>desde las<strong> 20hs<\/strong> se presentar\u00e1 la trilog\u00eda de <strong>Estela Maris Romero <\/strong>titulada: <strong>\u00abLa Muerte del Cura \u00ab<\/strong><\/p>\n\n\n\n<p>El radioteatro, tradicional g\u00e9nero casi olvidado hoy en d\u00eda, vuelve a decir presente desde las redes del <strong>Ente Cultural Santafesino<\/strong>.<\/p>\n\n\n\n<p>As\u00ed lo confirm\u00f3 a <strong>Franco Pietrani<\/strong>, <strong>Presidente del Ente Cultural Santafesino <\/strong>quien manifiesto que en este momento la idea es llevar producciones realizadas por los  grupos de teatros que se encuentran en cada rinc\u00f3n de nuestra Santa Fe\u00bb<\/p>\n\n\n\n<p>\u00ab<em>A trav\u00e9s de nuestra madrina<strong> Claudia Giaccone<\/strong> y su aporte<\/em> <em>iniciaremos la primera etapa a trav\u00e9s del <strong>Grupo de Teatro \u00abTiempo\u00bb<\/strong> de <strong>Moises Ville<\/strong>, presentado una trilog\u00eda de Estela Maris Romero: \u00abLa Muerte del Cura \u00bb con la participaci\u00f3n de: Alba Sorcinelli,  Mario Rotemberg,  Fabi\u00e1n de la Vi\u00f1a, Luis Arr\u00faa, Liliana Piri, M\u00e1ximo Trumper, Carolina Bernstein, Nora Cecotti y Camila Dascani.<\/em><\/p>\n\n\n\n<p><em>\u201cEs una forma m\u00e1s de sobrellevar esta situaci\u00f3n y compartir en familia sobre todo cuando los m\u00e1s grandes se acuerdan de lo que fue el radioteatro\u00bb<\/em>, concluy\u00f3 Pietrani.<\/p>\n","protected":false},"excerpt":{"rendered":"<p>De lunes a viernes a las 20hs viv\u00ed el RadioTeatro En el marco del programa&nbsp;#EnteNosotros&nbsp;el cual se [&hellip;]<\/p>\n","protected":false},"author":3,"featured_media":3963,"comment_status":"open","ping_status":"open","sticky":false,"template":"","format":"standard","meta":{"_jetpack_memberships_contains_paid_content":false,"footnotes":"","jetpack_publicize_message":"","jetpack_publicize_feature_enabled":true,"jetpack_social_post_already_shared":true,"jetpack_social_options":{"image_generator_settings":{"template":"highway","enabled":false}}},"categories":[6],"tags":[],"jetpack_publicize_connections":[],"jetpack_featured_media_url":"https:\/\/enteculturalsantafesino.com.ar\/usina5\/wp-content\/uploads\/2020\/05\/272ee7e4-e7f7-4f2b-8543-dfa9573019e7.jpg","jetpack_sharing_enabled":true,"_links":{"self":[{"href":"https:\/\/enteculturalsantafesino.com.ar\/usina5\/wp-json\/wp\/v2\/posts\/3962"}],"collection":[{"href":"https:\/\/enteculturalsantafesino.com.ar\/usina5\/wp-json\/wp\/v2\/posts"}],"about":[{"href":"https:\/\/enteculturalsantafesino.com.ar\/usina5\/wp-json\/wp\/v2\/types\/post"}],"author":[{"embeddable":true,"href":"https:\/\/enteculturalsantafesino.com.ar\/usina5\/wp-json\/wp\/v2\/users\/3"}],"replies":[{"embeddable":true,"href":"https:\/\/enteculturalsantafesino.com.ar\/usina5\/wp-json\/wp\/v2\/comments?post=3962"}],"version-history":[{"count":2,"href":"https:\/\/enteculturalsantafesino.com.ar\/usina5\/wp-json\/wp\/v2\/posts\/3962\/revisions"}],"predecessor-version":[{"id":3965,"href":"https:\/\/enteculturalsantafesino.com.ar\/usina5\/wp-json\/wp\/v2\/posts\/3962\/revisions\/3965"}],"wp:featuredmedia":[{"embeddable":true,"href":"https:\/\/enteculturalsantafesino.com.ar\/usina5\/wp-json\/wp\/v2\/media\/3963"}],"wp:attachment":[{"href":"https:\/\/enteculturalsantafesino.com.ar\/usina5\/wp-json\/wp\/v2\/media?parent=3962"}],"wp:term":[{"taxonomy":"category","embeddable":true,"href":"https:\/\/enteculturalsantafesino.com.ar\/usina5\/wp-json\/wp\/v2\/categories?post=3962"},{"taxonomy":"post_tag","embeddable":true,"href":"https:\/\/enteculturalsantafesino.com.ar\/usina5\/wp-json\/wp\/v2\/tags?post=3962"}],"curies":[{"name":"wp","href":"https:\/\/api.w.org\/{rel}","templated":true}]}}