{"id":4144,"date":"2022-05-05T14:22:48","date_gmt":"2022-05-05T14:22:48","guid":{"rendered":"http:\/\/enteculturalsantafesino.com.ar\/usina5\/?p=4144"},"modified":"2022-05-05T14:22:52","modified_gmt":"2022-05-05T14:22:52","slug":"colonia-rosa-se-suma-al-ente-cultural-santafesino","status":"publish","type":"post","link":"https:\/\/enteculturalsantafesino.com.ar\/usina5\/2022\/05\/colonia-rosa-se-suma-al-ente-cultural-santafesino\/","title":{"rendered":"Colonia Rosa se suma al Ente Cultural Santafesino"},"content":{"rendered":"\n<p>El<strong> Director de la Usina V Gabriel Ruiz, <\/strong>se reuni\u00f3 con la<strong> Presidente Comunal <\/strong>de la comunidad de<strong> Colonia Rosa, Silvana Imoberdof; <\/strong>en donde hizo entrega de la nota de adhesi\u00f3n al<strong> Ente Cultural Santafesino.<\/strong><\/p>\n\n\n\n<p>Dicha solicitud fundamenta la incorporaci\u00f3n de la comunidad\u00a0de\u00a0<strong>Colonia Rosa<\/strong><em>,<\/em>\u00a0comprometi\u00e9ndose junto al resto de los integrantes de la<strong>\u00a0Usina V<\/strong>\u00a0a cumplir con los quehaceres culturales, en el precepto de \u201centramado regional, pluralista y democr\u00e1tico\u201d<\/p>\n\n\n\n<p>Motivo por lo cual el<strong>&nbsp;Ente Cultural Santafesino<\/strong>&nbsp;ha aceptado la solicitud convirti\u00e9ndose en un nuevo adherente, con la finalidad de generar los espacios de promoci\u00f3n y difusi\u00f3n desde la tarea de \u201cregionalizaci\u00f3n\u201d a trav\u00e9s del desarrollo productivo y cultural de nuestras comunidades santafesinas.<\/p>\n\n\n\n<p>Dicho organismo posibilitar\u00e1 la interacci\u00f3n activa de los distintos organismos culturales de cada comunidad participante, logrando acuerdos y pol\u00edticas que reflejen una mayor y mejor jerarquizaci\u00f3n en las gestiones culturales.<\/p>\n\n\n\n<p><strong>Colonia Rosa<\/strong>\u00a0es una localidad\u00a0perteneciente al Departamento San Crist\u00f3bal. Se encuentra al sudoeste del departamento, a 9 km del l\u00edmite con la\u00a0provincia de Santiago del Estero. <\/p>\n","protected":false},"excerpt":{"rendered":"<p>El Director de la Usina V Gabriel Ruiz, se reuni\u00f3 con la Presidente Comunal de la comunidad [&hellip;]<\/p>\n","protected":false},"author":3,"featured_media":4145,"comment_status":"open","ping_status":"open","sticky":false,"template":"","format":"standard","meta":{"_jetpack_memberships_contains_paid_content":false,"footnotes":"","jetpack_publicize_message":"","jetpack_publicize_feature_enabled":true,"jetpack_social_post_already_shared":true,"jetpack_social_options":{"image_generator_settings":{"template":"highway","enabled":false}}},"categories":[14],"tags":[],"jetpack_publicize_connections":[],"jetpack_featured_media_url":"https:\/\/enteculturalsantafesino.com.ar\/usina5\/wp-content\/uploads\/2022\/05\/f994f75d-8e43-46d5-909f-2d69a5586f8c.jpg","jetpack_sharing_enabled":true,"_links":{"self":[{"href":"https:\/\/enteculturalsantafesino.com.ar\/usina5\/wp-json\/wp\/v2\/posts\/4144"}],"collection":[{"href":"https:\/\/enteculturalsantafesino.com.ar\/usina5\/wp-json\/wp\/v2\/posts"}],"about":[{"href":"https:\/\/enteculturalsantafesino.com.ar\/usina5\/wp-json\/wp\/v2\/types\/post"}],"author":[{"embeddable":true,"href":"https:\/\/enteculturalsantafesino.com.ar\/usina5\/wp-json\/wp\/v2\/users\/3"}],"replies":[{"embeddable":true,"href":"https:\/\/enteculturalsantafesino.com.ar\/usina5\/wp-json\/wp\/v2\/comments?post=4144"}],"version-history":[{"count":1,"href":"https:\/\/enteculturalsantafesino.com.ar\/usina5\/wp-json\/wp\/v2\/posts\/4144\/revisions"}],"predecessor-version":[{"id":4146,"href":"https:\/\/enteculturalsantafesino.com.ar\/usina5\/wp-json\/wp\/v2\/posts\/4144\/revisions\/4146"}],"wp:featuredmedia":[{"embeddable":true,"href":"https:\/\/enteculturalsantafesino.com.ar\/usina5\/wp-json\/wp\/v2\/media\/4145"}],"wp:attachment":[{"href":"https:\/\/enteculturalsantafesino.com.ar\/usina5\/wp-json\/wp\/v2\/media?parent=4144"}],"wp:term":[{"taxonomy":"category","embeddable":true,"href":"https:\/\/enteculturalsantafesino.com.ar\/usina5\/wp-json\/wp\/v2\/categories?post=4144"},{"taxonomy":"post_tag","embeddable":true,"href":"https:\/\/enteculturalsantafesino.com.ar\/usina5\/wp-json\/wp\/v2\/tags?post=4144"}],"curies":[{"name":"wp","href":"https:\/\/api.w.org\/{rel}","templated":true}]}}