{"id":4227,"date":"2022-10-31T12:28:01","date_gmt":"2022-10-31T12:28:01","guid":{"rendered":"http:\/\/enteculturalsantafesino.com.ar\/usina5\/?p=4227"},"modified":"2022-10-31T12:28:05","modified_gmt":"2022-10-31T12:28:05","slug":"memoria-y-deporte-llego-a-monigotes","status":"publish","type":"post","link":"https:\/\/enteculturalsantafesino.com.ar\/usina5\/2022\/10\/memoria-y-deporte-llego-a-monigotes\/","title":{"rendered":"\u00abMemoria y Deporte\u00bb lleg\u00f3 a Monigotes"},"content":{"rendered":"\n<p>El\u00a0<strong>jueves 27 <\/strong>se inaugur\u00f3 en la <strong>Casa de la Cultura<\/strong> se inaugur\u00f3  la\u00a0<strong>muestra \u00abMemoria y Deporte\u00bb<\/strong><\/p>\n\n\n\n<p><strong>&nbsp;\u00abMemoria y Deporte\u201d&nbsp;<\/strong>actualmente re\u00fane fotograf\u00edas, testimonios y particularidades de 40 deportistas que se desempe\u00f1aron en rugby, nataci\u00f3n, hockey, s\u00f3ftbol, nataci\u00f3n art\u00edstica, ajedrez, f\u00fatbol, b\u00e1squet, tenis, yachting y equitaci\u00f3n. Hay v\u00edctimas nacidas en Rosario, Santa Fe, San Jer\u00f3nimo Norte, Rafaela, San Javier, Laguna Paiva, Esperanza, pero tambi\u00e9n quienes desde sus infancias se radicaron en diferentes localidades de la provincia y son oriundos de Barcelona, Concepci\u00f3n del Uruguay, Toulouse y Laguna \u201cLa Palma\u201d en Santiago del Estero.<\/p>\n\n\n\n<p>La iniciativa surgi\u00f3 desde el<strong>\u00a0Ente Cultural Santafesino<\/strong>\u00a0y en estos momentos est\u00e1 recorriendo las localidades de la<strong>\u00a0Usina V.<\/strong><\/p>\n\n\n\n<p>El&nbsp;<strong>Presidente del Ente Cultural Santafesino Claudio Pellegrini<\/strong>&nbsp;manifest\u00f3 el agradecimiento a&nbsp;<strong>Claudia Giaccone<\/strong>&nbsp;&nbsp;por permitir que esta propuesta llegue a m\u00e1s de un centenar de comunidades.&nbsp;<em>\u00abEsta sigue recorriendo Santa Fe durante todo el a\u00f1o, buscando poner en agenda el esp\u00edritu de memoria, verdad y justicia, y recordar a v\u00edctimas del terrorismo de estado desde sus facetas deportivas, pero tambi\u00e9n desde el amor, la militancia social, sus pasiones, sus carreras y otros detalles\u00bb<\/em><\/p>\n\n\n\n<p>El relevamiento plasmado en la muestra fue trabajado por el \u00e1rea de deportes junto a diferentes instituciones y familiares, informes y notas en medios de comunicaci\u00f3n, sitios web y el Registro Unificado de V\u00edctimas del Terrorismo de Estado (RUVTE) entre otras fuentes.&nbsp;<\/p>\n","protected":false},"excerpt":{"rendered":"<p>El\u00a0jueves 27 se inaugur\u00f3 en la Casa de la Cultura se inaugur\u00f3 la\u00a0muestra \u00abMemoria y Deporte\u00bb &nbsp;\u00abMemoria [&hellip;]<\/p>\n","protected":false},"author":3,"featured_media":4228,"comment_status":"open","ping_status":"open","sticky":false,"template":"","format":"standard","meta":{"_jetpack_memberships_contains_paid_content":false,"footnotes":"","jetpack_publicize_message":"","jetpack_publicize_feature_enabled":true,"jetpack_social_post_already_shared":true,"jetpack_social_options":{"image_generator_settings":{"template":"highway","enabled":false}}},"categories":[6,15],"tags":[],"jetpack_publicize_connections":[],"jetpack_featured_media_url":"https:\/\/enteculturalsantafesino.com.ar\/usina5\/wp-content\/uploads\/2022\/10\/2d206754-9246-41c6-9e89-61fcde76ced3.jpg","jetpack_sharing_enabled":true,"_links":{"self":[{"href":"https:\/\/enteculturalsantafesino.com.ar\/usina5\/wp-json\/wp\/v2\/posts\/4227"}],"collection":[{"href":"https:\/\/enteculturalsantafesino.com.ar\/usina5\/wp-json\/wp\/v2\/posts"}],"about":[{"href":"https:\/\/enteculturalsantafesino.com.ar\/usina5\/wp-json\/wp\/v2\/types\/post"}],"author":[{"embeddable":true,"href":"https:\/\/enteculturalsantafesino.com.ar\/usina5\/wp-json\/wp\/v2\/users\/3"}],"replies":[{"embeddable":true,"href":"https:\/\/enteculturalsantafesino.com.ar\/usina5\/wp-json\/wp\/v2\/comments?post=4227"}],"version-history":[{"count":1,"href":"https:\/\/enteculturalsantafesino.com.ar\/usina5\/wp-json\/wp\/v2\/posts\/4227\/revisions"}],"predecessor-version":[{"id":4229,"href":"https:\/\/enteculturalsantafesino.com.ar\/usina5\/wp-json\/wp\/v2\/posts\/4227\/revisions\/4229"}],"wp:featuredmedia":[{"embeddable":true,"href":"https:\/\/enteculturalsantafesino.com.ar\/usina5\/wp-json\/wp\/v2\/media\/4228"}],"wp:attachment":[{"href":"https:\/\/enteculturalsantafesino.com.ar\/usina5\/wp-json\/wp\/v2\/media?parent=4227"}],"wp:term":[{"taxonomy":"category","embeddable":true,"href":"https:\/\/enteculturalsantafesino.com.ar\/usina5\/wp-json\/wp\/v2\/categories?post=4227"},{"taxonomy":"post_tag","embeddable":true,"href":"https:\/\/enteculturalsantafesino.com.ar\/usina5\/wp-json\/wp\/v2\/tags?post=4227"}],"curies":[{"name":"wp","href":"https:\/\/api.w.org\/{rel}","templated":true}]}}