{"id":4284,"date":"2023-02-22T13:48:19","date_gmt":"2023-02-22T13:48:19","guid":{"rendered":"http:\/\/enteculturalsantafesino.com.ar\/usina5\/?p=4284"},"modified":"2023-02-22T13:48:21","modified_gmt":"2023-02-22T13:48:21","slug":"2-feria-del-libro-hersilia-pueblo-que-lee","status":"publish","type":"post","link":"https:\/\/enteculturalsantafesino.com.ar\/usina5\/2023\/02\/2-feria-del-libro-hersilia-pueblo-que-lee\/","title":{"rendered":"2\u00b0 Feria del Libro. Hersilia Pueblo que lee."},"content":{"rendered":"\n<p>El pasado<strong> domingo 19 <\/strong>en frente del play\u00f3n del ferrocarril se realiz\u00f3 la segunda <strong>Feria del Libro<\/strong>, evento en el cual vecinos\/as del pueblo y alrededores se llevaron m\u00e1s de 1000 ejemplares para su lectura. <\/p>\n\n\n\n<p>En un primer encuentro se entregaron 5000 libros. La gesti\u00f3n comunal informa que gracias al \u00e9xito que tuvieron estos eventos, se est\u00e1n proyectando nuevas ferias en algunas localidades vecinas.<\/p>\n\n\n\n<p>La Comuna local agradece a la Comisi\u00f3n de Cultura, Artesanos, Emprendedores, Club USyDH y a la Sociedad Rural por apoyar a este tipo de eventos que hacen de Hersilia un \u201cPueblo Grande\u201d.<\/p>\n","protected":false},"excerpt":{"rendered":"<p>El pasado domingo 19 en frente del play\u00f3n del ferrocarril se realiz\u00f3 la segunda Feria del Libro, [&hellip;]<\/p>\n","protected":false},"author":3,"featured_media":4285,"comment_status":"open","ping_status":"open","sticky":false,"template":"","format":"standard","meta":{"_jetpack_memberships_contains_paid_content":false,"footnotes":"","jetpack_publicize_message":"","jetpack_publicize_feature_enabled":true,"jetpack_social_post_already_shared":true,"jetpack_social_options":{"image_generator_settings":{"template":"highway","enabled":false}}},"categories":[13],"tags":[],"jetpack_publicize_connections":[],"jetpack_featured_media_url":"https:\/\/enteculturalsantafesino.com.ar\/usina5\/wp-content\/uploads\/2023\/02\/330836018_746623316792781_4100764827076742109_n.jpg","jetpack_sharing_enabled":true,"_links":{"self":[{"href":"https:\/\/enteculturalsantafesino.com.ar\/usina5\/wp-json\/wp\/v2\/posts\/4284"}],"collection":[{"href":"https:\/\/enteculturalsantafesino.com.ar\/usina5\/wp-json\/wp\/v2\/posts"}],"about":[{"href":"https:\/\/enteculturalsantafesino.com.ar\/usina5\/wp-json\/wp\/v2\/types\/post"}],"author":[{"embeddable":true,"href":"https:\/\/enteculturalsantafesino.com.ar\/usina5\/wp-json\/wp\/v2\/users\/3"}],"replies":[{"embeddable":true,"href":"https:\/\/enteculturalsantafesino.com.ar\/usina5\/wp-json\/wp\/v2\/comments?post=4284"}],"version-history":[{"count":1,"href":"https:\/\/enteculturalsantafesino.com.ar\/usina5\/wp-json\/wp\/v2\/posts\/4284\/revisions"}],"predecessor-version":[{"id":4286,"href":"https:\/\/enteculturalsantafesino.com.ar\/usina5\/wp-json\/wp\/v2\/posts\/4284\/revisions\/4286"}],"wp:featuredmedia":[{"embeddable":true,"href":"https:\/\/enteculturalsantafesino.com.ar\/usina5\/wp-json\/wp\/v2\/media\/4285"}],"wp:attachment":[{"href":"https:\/\/enteculturalsantafesino.com.ar\/usina5\/wp-json\/wp\/v2\/media?parent=4284"}],"wp:term":[{"taxonomy":"category","embeddable":true,"href":"https:\/\/enteculturalsantafesino.com.ar\/usina5\/wp-json\/wp\/v2\/categories?post=4284"},{"taxonomy":"post_tag","embeddable":true,"href":"https:\/\/enteculturalsantafesino.com.ar\/usina5\/wp-json\/wp\/v2\/tags?post=4284"}],"curies":[{"name":"wp","href":"https:\/\/api.w.org\/{rel}","templated":true}]}}