{"id":4416,"date":"2024-04-25T16:30:50","date_gmt":"2024-04-25T16:30:50","guid":{"rendered":"http:\/\/enteculturalsantafesino.com.ar\/usina5\/?p=4416"},"modified":"2024-04-25T16:30:51","modified_gmt":"2024-04-25T16:30:51","slug":"el-municipio-de-suardi-firmo-la-adhesion-con-el-ente-cultural-santafesino","status":"publish","type":"post","link":"https:\/\/enteculturalsantafesino.com.ar\/usina5\/2024\/04\/el-municipio-de-suardi-firmo-la-adhesion-con-el-ente-cultural-santafesino\/","title":{"rendered":"El Municipio de Suardi firm\u00f3 la adhesi\u00f3n con el Ente Cultural Santafesino"},"content":{"rendered":"\n<p>La <strong>Municipalidad de Suardi<\/strong>, junto a la <strong>Coordinaci\u00f3n de Cultura<\/strong>, en el d\u00eda de ayer, firm\u00f3 el <strong>Convenio de Cooperaci\u00f3n con el \u201cEnte Cultural Santafesino\u201d<\/strong>, manifestando su decisi\u00f3n de adherirse a este organismo.<\/p>\n\n\n\n<p>El objetivo que persigue el mismo es interactuar con las diversas comunidades santafesinas, inspiradas en el modelo de red regional, pluralista y democr\u00e1tica.<\/p>\n\n\n\n<p>La firma fue realizada por el intendente <strong>Hugo Boscarol<\/strong> y la <strong>Coordinadora de Cultura Marianela Mottura<\/strong>, y quien recibi\u00f3 la nota de adhesi\u00f3n es <strong>German Bertolini, Director de la Usina V <\/strong>del <strong>Ente Cultural Santafesino.<\/strong><\/p>\n","protected":false},"excerpt":{"rendered":"<p>La Municipalidad de Suardi, junto a la Coordinaci\u00f3n de Cultura, en el d\u00eda de ayer, firm\u00f3 el [&hellip;]<\/p>\n","protected":false},"author":3,"featured_media":4417,"comment_status":"open","ping_status":"open","sticky":false,"template":"","format":"standard","meta":{"_jetpack_memberships_contains_paid_content":false,"footnotes":"","jetpack_publicize_message":"","jetpack_publicize_feature_enabled":true,"jetpack_social_post_already_shared":true,"jetpack_social_options":{"image_generator_settings":{"template":"highway","enabled":false}}},"categories":[6,2],"tags":[],"jetpack_publicize_connections":[],"jetpack_featured_media_url":"https:\/\/enteculturalsantafesino.com.ar\/usina5\/wp-content\/uploads\/2024\/04\/6927c612-00b0-4f46-a1c2-d4ed269f9f97.jpg","jetpack_sharing_enabled":true,"_links":{"self":[{"href":"https:\/\/enteculturalsantafesino.com.ar\/usina5\/wp-json\/wp\/v2\/posts\/4416"}],"collection":[{"href":"https:\/\/enteculturalsantafesino.com.ar\/usina5\/wp-json\/wp\/v2\/posts"}],"about":[{"href":"https:\/\/enteculturalsantafesino.com.ar\/usina5\/wp-json\/wp\/v2\/types\/post"}],"author":[{"embeddable":true,"href":"https:\/\/enteculturalsantafesino.com.ar\/usina5\/wp-json\/wp\/v2\/users\/3"}],"replies":[{"embeddable":true,"href":"https:\/\/enteculturalsantafesino.com.ar\/usina5\/wp-json\/wp\/v2\/comments?post=4416"}],"version-history":[{"count":1,"href":"https:\/\/enteculturalsantafesino.com.ar\/usina5\/wp-json\/wp\/v2\/posts\/4416\/revisions"}],"predecessor-version":[{"id":4418,"href":"https:\/\/enteculturalsantafesino.com.ar\/usina5\/wp-json\/wp\/v2\/posts\/4416\/revisions\/4418"}],"wp:featuredmedia":[{"embeddable":true,"href":"https:\/\/enteculturalsantafesino.com.ar\/usina5\/wp-json\/wp\/v2\/media\/4417"}],"wp:attachment":[{"href":"https:\/\/enteculturalsantafesino.com.ar\/usina5\/wp-json\/wp\/v2\/media?parent=4416"}],"wp:term":[{"taxonomy":"category","embeddable":true,"href":"https:\/\/enteculturalsantafesino.com.ar\/usina5\/wp-json\/wp\/v2\/categories?post=4416"},{"taxonomy":"post_tag","embeddable":true,"href":"https:\/\/enteculturalsantafesino.com.ar\/usina5\/wp-json\/wp\/v2\/tags?post=4416"}],"curies":[{"name":"wp","href":"https:\/\/api.w.org\/{rel}","templated":true}]}}