{"id":4603,"date":"2025-07-08T15:01:00","date_gmt":"2025-07-08T15:01:00","guid":{"rendered":"https:\/\/enteculturalsantafesino.com.ar\/usina5\/?p=4603"},"modified":"2025-07-08T15:01:02","modified_gmt":"2025-07-08T15:01:02","slug":"torneo-provincial-de-bolitas-2025-en-hersilia","status":"publish","type":"post","link":"https:\/\/enteculturalsantafesino.com.ar\/usina5\/2025\/07\/torneo-provincial-de-bolitas-2025-en-hersilia\/","title":{"rendered":"\u00abTorneo Provincial de Bolitas 2025\u00bb en Hersilia"},"content":{"rendered":"\n<p>Ni\u00f1os, j\u00f3venes y adultos participaron con entusiasmo, compartiendo en la Plaza San Mart\u00edn esta hermosa tradici\u00f3n.<\/p>\n\n\n\n<p>El torneo forma parte de un programa del Ente Cultural Santafesino y promovido por la Comuna de Hersilia, impulsando el juego, la cultura y nuestras ra\u00edces populares.<\/p>\n\n\n\n<p> Categor\u00eda A (8 a 12 a\u00f1os): Alejandro Retamoso<br> Categor\u00eda B (13 a 15 a\u00f1os): Santiago Guzm\u00e1n<br> Categor\u00eda C (16 a 30 a\u00f1os): Cristian Castillo<br> Categor\u00eda D (mayores de 30): Walter Giovannini<\/p>\n","protected":false},"excerpt":{"rendered":"<p>Ni\u00f1os, j\u00f3venes y adultos participaron con entusiasmo, compartiendo en la Plaza San Mart\u00edn esta hermosa tradici\u00f3n. El [&hellip;]<\/p>\n","protected":false},"author":3,"featured_media":4604,"comment_status":"open","ping_status":"open","sticky":false,"template":"","format":"standard","meta":{"_jetpack_memberships_contains_paid_content":false,"footnotes":"","jetpack_publicize_message":"","jetpack_publicize_feature_enabled":true,"jetpack_social_post_already_shared":true,"jetpack_social_options":{"image_generator_settings":{"template":"highway","enabled":false}}},"categories":[6,13],"tags":[],"jetpack_publicize_connections":[],"jetpack_featured_media_url":"https:\/\/enteculturalsantafesino.com.ar\/usina5\/wp-content\/uploads\/2025\/07\/0f6d5735-51b4-4c4b-8ea5-914a1c7b6fc2.jpg","jetpack_sharing_enabled":true,"_links":{"self":[{"href":"https:\/\/enteculturalsantafesino.com.ar\/usina5\/wp-json\/wp\/v2\/posts\/4603"}],"collection":[{"href":"https:\/\/enteculturalsantafesino.com.ar\/usina5\/wp-json\/wp\/v2\/posts"}],"about":[{"href":"https:\/\/enteculturalsantafesino.com.ar\/usina5\/wp-json\/wp\/v2\/types\/post"}],"author":[{"embeddable":true,"href":"https:\/\/enteculturalsantafesino.com.ar\/usina5\/wp-json\/wp\/v2\/users\/3"}],"replies":[{"embeddable":true,"href":"https:\/\/enteculturalsantafesino.com.ar\/usina5\/wp-json\/wp\/v2\/comments?post=4603"}],"version-history":[{"count":1,"href":"https:\/\/enteculturalsantafesino.com.ar\/usina5\/wp-json\/wp\/v2\/posts\/4603\/revisions"}],"predecessor-version":[{"id":4605,"href":"https:\/\/enteculturalsantafesino.com.ar\/usina5\/wp-json\/wp\/v2\/posts\/4603\/revisions\/4605"}],"wp:featuredmedia":[{"embeddable":true,"href":"https:\/\/enteculturalsantafesino.com.ar\/usina5\/wp-json\/wp\/v2\/media\/4604"}],"wp:attachment":[{"href":"https:\/\/enteculturalsantafesino.com.ar\/usina5\/wp-json\/wp\/v2\/media?parent=4603"}],"wp:term":[{"taxonomy":"category","embeddable":true,"href":"https:\/\/enteculturalsantafesino.com.ar\/usina5\/wp-json\/wp\/v2\/categories?post=4603"},{"taxonomy":"post_tag","embeddable":true,"href":"https:\/\/enteculturalsantafesino.com.ar\/usina5\/wp-json\/wp\/v2\/tags?post=4603"}],"curies":[{"name":"wp","href":"https:\/\/api.w.org\/{rel}","templated":true}]}}