{"id":4619,"date":"2025-09-14T15:16:56","date_gmt":"2025-09-14T15:16:56","guid":{"rendered":"https:\/\/enteculturalsantafesino.com.ar\/usina5\/?p=4619"},"modified":"2025-09-14T15:16:59","modified_gmt":"2025-09-14T15:16:59","slug":"hersilia-sumo-su-pelota-a-la-muestra-arte-en-pelotas","status":"publish","type":"post","link":"https:\/\/enteculturalsantafesino.com.ar\/usina5\/2025\/09\/hersilia-sumo-su-pelota-a-la-muestra-arte-en-pelotas\/","title":{"rendered":"Hersilia sum\u00f3 su pelota a la muestra \u00abArte en Pelotas\u00bb"},"content":{"rendered":"\n<p>El jueves 11 de septiembre, en la&nbsp;comunidad del dpto. San Crist\u00f3bal se sum\u00f3 la obra ejecutada por Liliana Sereno con la idea que se gest\u00f3 dentro de la Comisi\u00f3n de cultura y del Taller de pintura.&nbsp;<\/p>\n\n\n\n<p>En la misma se expone los colores del pueblo junto al caracter\u00edstico reloj y las diversas disciplinas y actividades que se desarrollan a nivel local, plasmando los valores del deporte. Dicha obra de arte se suma a la muestra itinerante que se encuentra recorriendo el territorio provincial.<\/p>\n\n\n\n<p>Claudia Giaccone\u00a0agradeci\u00f3 a la gesti\u00f3n comunal y resalt\u00f3 el orgullo de contar con la pelota de Hersilia. \u00abSin lugar a dudas es un hecho art\u00edstico y federal que sigue recorriendo nuestros pueblos y ciudades\u00bb<\/p>\n","protected":false},"excerpt":{"rendered":"<p>El jueves 11 de septiembre, en la&nbsp;comunidad del dpto. San Crist\u00f3bal se sum\u00f3 la obra ejecutada por [&hellip;]<\/p>\n","protected":false},"author":3,"featured_media":4620,"comment_status":"open","ping_status":"open","sticky":false,"template":"","format":"standard","meta":{"_jetpack_memberships_contains_paid_content":false,"footnotes":"","jetpack_publicize_message":"","jetpack_publicize_feature_enabled":true,"jetpack_social_post_already_shared":true,"jetpack_social_options":{"image_generator_settings":{"template":"highway","enabled":false}}},"categories":[6,13],"tags":[],"jetpack_publicize_connections":[],"jetpack_featured_media_url":"https:\/\/enteculturalsantafesino.com.ar\/usina5\/wp-content\/uploads\/2025\/09\/a5f25b00-33e5-49cc-a710-b5aac66bc2bd.jpg","jetpack_sharing_enabled":true,"_links":{"self":[{"href":"https:\/\/enteculturalsantafesino.com.ar\/usina5\/wp-json\/wp\/v2\/posts\/4619"}],"collection":[{"href":"https:\/\/enteculturalsantafesino.com.ar\/usina5\/wp-json\/wp\/v2\/posts"}],"about":[{"href":"https:\/\/enteculturalsantafesino.com.ar\/usina5\/wp-json\/wp\/v2\/types\/post"}],"author":[{"embeddable":true,"href":"https:\/\/enteculturalsantafesino.com.ar\/usina5\/wp-json\/wp\/v2\/users\/3"}],"replies":[{"embeddable":true,"href":"https:\/\/enteculturalsantafesino.com.ar\/usina5\/wp-json\/wp\/v2\/comments?post=4619"}],"version-history":[{"count":1,"href":"https:\/\/enteculturalsantafesino.com.ar\/usina5\/wp-json\/wp\/v2\/posts\/4619\/revisions"}],"predecessor-version":[{"id":4621,"href":"https:\/\/enteculturalsantafesino.com.ar\/usina5\/wp-json\/wp\/v2\/posts\/4619\/revisions\/4621"}],"wp:featuredmedia":[{"embeddable":true,"href":"https:\/\/enteculturalsantafesino.com.ar\/usina5\/wp-json\/wp\/v2\/media\/4620"}],"wp:attachment":[{"href":"https:\/\/enteculturalsantafesino.com.ar\/usina5\/wp-json\/wp\/v2\/media?parent=4619"}],"wp:term":[{"taxonomy":"category","embeddable":true,"href":"https:\/\/enteculturalsantafesino.com.ar\/usina5\/wp-json\/wp\/v2\/categories?post=4619"},{"taxonomy":"post_tag","embeddable":true,"href":"https:\/\/enteculturalsantafesino.com.ar\/usina5\/wp-json\/wp\/v2\/tags?post=4619"}],"curies":[{"name":"wp","href":"https:\/\/api.w.org\/{rel}","templated":true}]}}