{"id":4622,"date":"2025-09-14T15:19:31","date_gmt":"2025-09-14T15:19:31","guid":{"rendered":"https:\/\/enteculturalsantafesino.com.ar\/usina5\/?p=4622"},"modified":"2025-09-14T15:19:33","modified_gmt":"2025-09-14T15:19:33","slug":"hersilia-reconocio-a-sus-campeones-del-torneo-de-bolitas-y-recibio-los-libros-clave-de-cuento-y-de-pueblo-en-pueblo-2024","status":"publish","type":"post","link":"https:\/\/enteculturalsantafesino.com.ar\/usina5\/2025\/09\/hersilia-reconocio-a-sus-campeones-del-torneo-de-bolitas-y-recibio-los-libros-clave-de-cuento-y-de-pueblo-en-pueblo-2024\/","title":{"rendered":"Hersilia reconoci\u00f3 a sus campeones del \u00abTorneo de Bolitas\u00bb y recibi\u00f3 los libros \u00abClave de Cuento\u00bb y \u00abDe Pueblo en Pueblo 2024"},"content":{"rendered":"\n<p>En el marco del Cabildo Cultural Santafesino la Comuna local reconoci\u00f3 a: Alejandro Retamoso\/ Categor\u00eda A y Santiago Guzm\u00e1n \/ Categor\u00eda B. Campeones del \u00abTorneo Provincial de Bolitas\u00bb.<\/p>\n\n\n\n<p>Junto a la presencia de la responsable del Ente Cultural Santafesino Claudia Giaccone, la presidente comunal Silvana Romero, la directora de la Usina V Ver\u00f3nica Fenoglio y el secretario de cultura local Prof. Germ\u00e1n Bertolini se hicieron entrega de 29 ejemplares de \u00abClave de Cuento\u00bb y 16 \u00abDe Pueblo en Pueblo 2024&#8243;&#x1f4da;<\/p>\n\n\n\n<p>La comunidad perteneciente al dpto San Crist\u00f3bal tuvo una gran participaci\u00f3n con 75 escritores los cuales reflejan el inter\u00e9s y productividad local de la comunidad<\/p>\n\n\n\n<p>En el marco del Cabildo Cultural Santafesino la Comuna local reconoci\u00f3 a: Alejandro Retamoso\/ Categor\u00eda A y Santiago Guzm\u00e1n \/ Categor\u00eda B. Campeones del \u00abTorneo Provincial de Bolitas\u00bb.<\/p>\n\n\n\n<p>Junto a la presencia de la responsable del Ente Cultural Santafesino Claudia Giaccone, la presidente comunal Silvana Romero, la directora de la Usina V Ver\u00f3nica Fenoglio y el secretario de cultura local Prof. Germ\u00e1n Bertolini se hicieron entrega de 29 ejemplares de \u00abClave de Cuento\u00bb y 16 \u00abDe Pueblo en Pueblo 2024&#8243;&#x1f4da;<\/p>\n\n\n\n<p>La comunidad perteneciente al dpto San Crist\u00f3bal tuvo una gran participaci\u00f3n con 75 escritores los cuales reflejan el inter\u00e9s y productividad local de la comunidad<\/p>\n","protected":false},"excerpt":{"rendered":"<p>En el marco del Cabildo Cultural Santafesino la Comuna local reconoci\u00f3 a: Alejandro Retamoso\/ Categor\u00eda A y [&hellip;]<\/p>\n","protected":false},"author":3,"featured_media":4623,"comment_status":"open","ping_status":"open","sticky":false,"template":"","format":"standard","meta":{"_jetpack_memberships_contains_paid_content":false,"footnotes":"","jetpack_publicize_message":"","jetpack_publicize_feature_enabled":true,"jetpack_social_post_already_shared":true,"jetpack_social_options":{"image_generator_settings":{"template":"highway","enabled":false}}},"categories":[6,13],"tags":[],"jetpack_publicize_connections":[],"jetpack_featured_media_url":"https:\/\/enteculturalsantafesino.com.ar\/usina5\/wp-content\/uploads\/2025\/09\/3031425c-330a-452f-bb53-155ab749008b.jpg","jetpack_sharing_enabled":true,"_links":{"self":[{"href":"https:\/\/enteculturalsantafesino.com.ar\/usina5\/wp-json\/wp\/v2\/posts\/4622"}],"collection":[{"href":"https:\/\/enteculturalsantafesino.com.ar\/usina5\/wp-json\/wp\/v2\/posts"}],"about":[{"href":"https:\/\/enteculturalsantafesino.com.ar\/usina5\/wp-json\/wp\/v2\/types\/post"}],"author":[{"embeddable":true,"href":"https:\/\/enteculturalsantafesino.com.ar\/usina5\/wp-json\/wp\/v2\/users\/3"}],"replies":[{"embeddable":true,"href":"https:\/\/enteculturalsantafesino.com.ar\/usina5\/wp-json\/wp\/v2\/comments?post=4622"}],"version-history":[{"count":1,"href":"https:\/\/enteculturalsantafesino.com.ar\/usina5\/wp-json\/wp\/v2\/posts\/4622\/revisions"}],"predecessor-version":[{"id":4624,"href":"https:\/\/enteculturalsantafesino.com.ar\/usina5\/wp-json\/wp\/v2\/posts\/4622\/revisions\/4624"}],"wp:featuredmedia":[{"embeddable":true,"href":"https:\/\/enteculturalsantafesino.com.ar\/usina5\/wp-json\/wp\/v2\/media\/4623"}],"wp:attachment":[{"href":"https:\/\/enteculturalsantafesino.com.ar\/usina5\/wp-json\/wp\/v2\/media?parent=4622"}],"wp:term":[{"taxonomy":"category","embeddable":true,"href":"https:\/\/enteculturalsantafesino.com.ar\/usina5\/wp-json\/wp\/v2\/categories?post=4622"},{"taxonomy":"post_tag","embeddable":true,"href":"https:\/\/enteculturalsantafesino.com.ar\/usina5\/wp-json\/wp\/v2\/tags?post=4622"}],"curies":[{"name":"wp","href":"https:\/\/api.w.org\/{rel}","templated":true}]}}