{"id":52,"date":"2014-03-25T21:34:32","date_gmt":"2014-03-25T21:34:32","guid":{"rendered":"http:\/\/entecultura.com.ar\/usina5\/?p=52"},"modified":"2014-03-25T21:34:32","modified_gmt":"2014-03-25T21:34:32","slug":"se-desarrollo-con-exito-el-tercer-encuentro-de-motos-y-autos-antiguos","status":"publish","type":"post","link":"https:\/\/enteculturalsantafesino.com.ar\/usina5\/2014\/03\/se-desarrollo-con-exito-el-tercer-encuentro-de-motos-y-autos-antiguos\/","title":{"rendered":"Se desarroll\u00f3 con \u00e9xito el tercer encuentro de motos y autos antiguos"},"content":{"rendered":"<p>El encuentro, organizado por la Sub Comisi\u00f3n de Deporte Motor de la Comuna de Suardi, se llev\u00f3 a cabo el pasado domingo 23 de marzo, con la presencia de m\u00e1s de 500 personas.<a href=\"http:\/\/enteculturalsantafesino.com.ar\/usina5\/wp-content\/uploads\/2014\/03\/autos1.jpg\" rel=\"lightbox[52]\"><img loading=\"lazy\" decoding=\"async\" class=\"size-medium wp-image-53 alignright\" alt=\"autos1\" src=\"http:\/\/enteculturalsantafesino.com.ar\/usina5\/wp-content\/uploads\/2014\/03\/autos1-300x223.jpg\" width=\"300\" height=\"223\" srcset=\"https:\/\/enteculturalsantafesino.com.ar\/usina5\/wp-content\/uploads\/2014\/03\/autos1-300x223.jpg 300w, https:\/\/enteculturalsantafesino.com.ar\/usina5\/wp-content\/uploads\/2014\/03\/autos1.jpg 470w\" sizes=\"(max-width: 300px) 100vw, 300px\" \/><\/a><\/p>\n<p>Durante el mismo, se desarrollaron habilidades conductivas, exhibiciones y desaf\u00edos. Un total de 93 autos y 61 motos antiguas visitaron el Circuito Comunal Jorge Marengo. Al mediod\u00eda tuvo lugar un gran almuerzo popular con unos 200 comensales.<\/p>\n<p>Las habilidades conductivas desarrolladas se resumen a continuaci\u00f3n:<\/p>\n<p><i>VINTAGE DESDE 1926 &#8211; 1931<\/i><\/p>\n<p><i>Ford A 1929 &#8211; Baquet &#8211; Mariano Bonaldi &#8211; Suardi<\/i><\/p>\n<p><i>Chevrolet 1926 &#8211; Baquet &#8211; Dario Lopez &#8211; Rafaela<\/i><\/p>\n<p><i>Chevrolet 1928 &#8211; Campeon &#8211; Gustavo Sella &#8211; Suardi<\/i><\/p>\n<p><i>POST &#8211; VINTAGE DESDE 1932 &#8211; 1945<\/i><\/p>\n<p><i>Ford Tc 1942 &#8211; Ruben Ferrato &#8211; El Tio<\/i><\/p>\n<p><i>Chevrolet Tc 1941 &#8211; Hector Portilla &#8211; San Francisco<\/i><\/p>\n<p><i>Chevrolet Tc 1935 &#8211; Oscar Gemo &#8211; San Francisco<\/i><\/p>\n<p><i>HISTORICO POST GUERRA DESDE 1946 &#8211; 1960<\/i><\/p>\n<p><i>Dkw 1960 &#8211; Jorge Filippi &#8211; San Guillermo<\/i><\/p>\n<p><i>Ford Loba F 100 1960 &#8211; Daniel Giustina &#8211; Morteros<\/i><\/p>\n<p><i>CLASICO DESDE 1961 &#8211; 1975<\/i><\/p>\n<p><i>Chevrolet 400 1962 &#8211; Rosendo Cravero &#8211; Tacurales<\/i><\/p>\n<p><i>Opel K 180 1976 &#8211; Mario Mitri &#8211; Ramona<\/i><\/p>\n<p><i>Chevroley Chevy 1973 &#8211; Juan P. Borgonovo &#8211; Suardi<\/i><\/p>\n<p><i>INTERES ESPECIAL DESDE 1976<\/i><\/p>\n<p><i>Ford Taunus 1977 &#8211; Facundo Zurbriggen &#8211; Suardi<\/i><\/p>\n<p><i>Renault Fuego 1992 &#8211; Jose Luis Delfino &#8211; Suardi<\/i><\/p>\n<p><i>Renault Fuego 1987 &#8211; Ariel Viano &#8211; Morteros<\/i><\/p>\n","protected":false},"excerpt":{"rendered":"<p>El encuentro, organizado por la Sub Comisi\u00f3n de Deporte Motor de la Comuna de Suardi, se llev\u00f3 [&hellip;]<\/p>\n","protected":false},"author":3,"featured_media":53,"comment_status":"open","ping_status":"open","sticky":false,"template":"","format":"standard","meta":{"_jetpack_memberships_contains_paid_content":false,"footnotes":"","jetpack_publicize_message":"","jetpack_publicize_feature_enabled":true,"jetpack_social_post_already_shared":false,"jetpack_social_options":{"image_generator_settings":{"template":"highway","enabled":false}}},"categories":[2],"tags":[],"jetpack_publicize_connections":[],"jetpack_featured_media_url":"https:\/\/enteculturalsantafesino.com.ar\/usina5\/wp-content\/uploads\/2014\/03\/autos1.jpg","jetpack_sharing_enabled":true,"_links":{"self":[{"href":"https:\/\/enteculturalsantafesino.com.ar\/usina5\/wp-json\/wp\/v2\/posts\/52"}],"collection":[{"href":"https:\/\/enteculturalsantafesino.com.ar\/usina5\/wp-json\/wp\/v2\/posts"}],"about":[{"href":"https:\/\/enteculturalsantafesino.com.ar\/usina5\/wp-json\/wp\/v2\/types\/post"}],"author":[{"embeddable":true,"href":"https:\/\/enteculturalsantafesino.com.ar\/usina5\/wp-json\/wp\/v2\/users\/3"}],"replies":[{"embeddable":true,"href":"https:\/\/enteculturalsantafesino.com.ar\/usina5\/wp-json\/wp\/v2\/comments?post=52"}],"version-history":[{"count":0,"href":"https:\/\/enteculturalsantafesino.com.ar\/usina5\/wp-json\/wp\/v2\/posts\/52\/revisions"}],"wp:featuredmedia":[{"embeddable":true,"href":"https:\/\/enteculturalsantafesino.com.ar\/usina5\/wp-json\/wp\/v2\/media\/53"}],"wp:attachment":[{"href":"https:\/\/enteculturalsantafesino.com.ar\/usina5\/wp-json\/wp\/v2\/media?parent=52"}],"wp:term":[{"taxonomy":"category","embeddable":true,"href":"https:\/\/enteculturalsantafesino.com.ar\/usina5\/wp-json\/wp\/v2\/categories?post=52"},{"taxonomy":"post_tag","embeddable":true,"href":"https:\/\/enteculturalsantafesino.com.ar\/usina5\/wp-json\/wp\/v2\/tags?post=52"}],"curies":[{"name":"wp","href":"https:\/\/api.w.org\/{rel}","templated":true}]}}