{"id":75,"date":"2014-03-31T13:45:32","date_gmt":"2014-03-31T13:45:32","guid":{"rendered":"http:\/\/entecultura.com.ar\/usina5\/?p=75"},"modified":"2014-03-31T13:45:32","modified_gmt":"2014-03-31T13:45:32","slug":"vigilia-en-honor-a-los-caidos-y-veteranos-de-malvinas","status":"publish","type":"post","link":"https:\/\/enteculturalsantafesino.com.ar\/usina5\/2014\/03\/vigilia-en-honor-a-los-caidos-y-veteranos-de-malvinas\/","title":{"rendered":"Vigilia en honor a los ca\u00eddos y veteranos de Malvinas"},"content":{"rendered":"<p><span style=\"color: #666666; font-family: Arial; font-size: small;\">Con motivo de conmemorarse los 32 a\u00f1os de la gesta de Malvinas, se realizar\u00e1 en la localidad de Suardi una \u00abvigilia\u00bb el martes 1 de abril, d\u00eda del desembarco de las tropas argentinas en las Islas. Dicho acontecimiento, organizado por la Comuna de Suardi y Centro de Ex-Combatientes y Familiares de Ca\u00eddos en Malvinas del Departamento San Crist\u00f3bal, tendr\u00e1 lugar frente a Sala Estrada a partir de las 21hs., con la presencia de ex combatientes, autoridades, grupos art\u00edstico-musicales, etc.<a href=\"http:\/\/enteculturalsantafesino.com.ar\/usina5\/wp-content\/uploads\/2014\/03\/malvi.jpg\" rel=\"lightbox[75]\"><img loading=\"lazy\" decoding=\"async\" class=\"size-medium wp-image-76 alignright\" alt=\"malvi\" src=\"http:\/\/enteculturalsantafesino.com.ar\/usina5\/wp-content\/uploads\/2014\/03\/malvi-300x225.jpg\" width=\"300\" height=\"225\" srcset=\"https:\/\/enteculturalsantafesino.com.ar\/usina5\/wp-content\/uploads\/2014\/03\/malvi-300x225.jpg 300w, https:\/\/enteculturalsantafesino.com.ar\/usina5\/wp-content\/uploads\/2014\/03\/malvi.jpg 432w\" sizes=\"(max-width: 300px) 100vw, 300px\" \/><\/a><\/span><\/p>\n<p><span style=\"color: #666666;\"><span style=\"font-family: Arial; font-size: small;\">Adem\u00e1s de las diversas actividades culturales, los veteranos de toda la regi\u00f3n presentaran un museo itinerante con objetos de la guerra. Asimismo, se proyectaran diversos audiovisuales en alusi\u00f3n a Malvinas.<\/span>El acto protocolar tendr\u00e1 lugar a partir de las 23:00 hs.\u00a0<\/span><\/p>\n<p><span style=\"color: #666666; font-family: Arial; font-size: small;\">Desde la Comuna se invita a toda la localidad y la zona a presenciar este importante evento. Tambi\u00e9n, se convoca a m\u00fasicos locales que quieran formar parte de la vigilia, a compartir su arte en la noche del martes.<\/span><\/p>\n","protected":false},"excerpt":{"rendered":"<p>Con motivo de conmemorarse los 32 a\u00f1os de la gesta de Malvinas, se realizar\u00e1 en la localidad [&hellip;]<\/p>\n","protected":false},"author":3,"featured_media":76,"comment_status":"open","ping_status":"open","sticky":false,"template":"","format":"standard","meta":{"_jetpack_memberships_contains_paid_content":false,"footnotes":"","jetpack_publicize_message":"","jetpack_publicize_feature_enabled":true,"jetpack_social_post_already_shared":false,"jetpack_social_options":{"image_generator_settings":{"template":"highway","enabled":false}}},"categories":[2],"tags":[],"jetpack_publicize_connections":[],"jetpack_featured_media_url":"https:\/\/enteculturalsantafesino.com.ar\/usina5\/wp-content\/uploads\/2014\/03\/malvi.jpg","jetpack_sharing_enabled":true,"_links":{"self":[{"href":"https:\/\/enteculturalsantafesino.com.ar\/usina5\/wp-json\/wp\/v2\/posts\/75"}],"collection":[{"href":"https:\/\/enteculturalsantafesino.com.ar\/usina5\/wp-json\/wp\/v2\/posts"}],"about":[{"href":"https:\/\/enteculturalsantafesino.com.ar\/usina5\/wp-json\/wp\/v2\/types\/post"}],"author":[{"embeddable":true,"href":"https:\/\/enteculturalsantafesino.com.ar\/usina5\/wp-json\/wp\/v2\/users\/3"}],"replies":[{"embeddable":true,"href":"https:\/\/enteculturalsantafesino.com.ar\/usina5\/wp-json\/wp\/v2\/comments?post=75"}],"version-history":[{"count":0,"href":"https:\/\/enteculturalsantafesino.com.ar\/usina5\/wp-json\/wp\/v2\/posts\/75\/revisions"}],"wp:featuredmedia":[{"embeddable":true,"href":"https:\/\/enteculturalsantafesino.com.ar\/usina5\/wp-json\/wp\/v2\/media\/76"}],"wp:attachment":[{"href":"https:\/\/enteculturalsantafesino.com.ar\/usina5\/wp-json\/wp\/v2\/media?parent=75"}],"wp:term":[{"taxonomy":"category","embeddable":true,"href":"https:\/\/enteculturalsantafesino.com.ar\/usina5\/wp-json\/wp\/v2\/categories?post=75"},{"taxonomy":"post_tag","embeddable":true,"href":"https:\/\/enteculturalsantafesino.com.ar\/usina5\/wp-json\/wp\/v2\/tags?post=75"}],"curies":[{"name":"wp","href":"https:\/\/api.w.org\/{rel}","templated":true}]}}