{"id":766,"date":"2014-09-22T15:13:33","date_gmt":"2014-09-22T15:13:33","guid":{"rendered":"http:\/\/entecultura.com.ar\/usina5\/?p=766"},"modified":"2014-09-22T15:13:33","modified_gmt":"2014-09-22T15:13:33","slug":"encuentro-de-mini-basquet","status":"publish","type":"post","link":"https:\/\/enteculturalsantafesino.com.ar\/usina5\/2014\/09\/encuentro-de-mini-basquet\/","title":{"rendered":"ENCUENTRO DE MINI BASQUET"},"content":{"rendered":"<p class=\"ecxMsoNormal\">En la jornada del s\u00e1bado 20 de septiembre se realiz\u00f3 la XXIII edici\u00f3n del ENCUENTRO de MINI BASQUET tuvo lugar este fin de semana en las instalaciones del Club Central Argentino Ol\u00edmpico con una presencia aproximada de 500 ni\u00f1os.<a href=\"http:\/\/enteculturalsantafesino.com.ar\/usina5\/wp-content\/uploads\/2014\/09\/P9200014.jpg\" rel=\"lightbox[766]\"><img loading=\"lazy\" decoding=\"async\" class=\"alignright wp-image-767 size-medium\" src=\"http:\/\/enteculturalsantafesino.com.ar\/usina5\/wp-content\/uploads\/2014\/09\/P9200014-300x225.jpg\" alt=\"OLYMPUS DIGITAL CAMERA\" width=\"300\" height=\"225\" srcset=\"https:\/\/enteculturalsantafesino.com.ar\/usina5\/wp-content\/uploads\/2014\/09\/P9200014-300x225.jpg 300w, https:\/\/enteculturalsantafesino.com.ar\/usina5\/wp-content\/uploads\/2014\/09\/P9200014-1024x768.jpg 1024w, https:\/\/enteculturalsantafesino.com.ar\/usina5\/wp-content\/uploads\/2014\/09\/P9200014.jpg 1200w\" sizes=\"(max-width: 300px) 100vw, 300px\" \/><\/a><\/p>\n<p class=\"ecxMsoNormal\"><span class=\"ecxtextexposedshow\"><span style=\"font-size: large;\">Con la participaci\u00f3n de 42 equipos de diversas ciudades que se aglomeraron como todos los a\u00f1os para este evento multitudinario, \u00a0el Coordinador de Deportes Prof. H\u00e9ctor Fito, hizo entrega de los presentes a los jugadores y a los clubes que participaron.<\/span><\/span><\/p>\n<p><span class=\"ecxtextexposedshow\"><span style=\"font-size: large;\">El presidente de la instituci\u00f3n Centralera agradeci\u00f3 a la Municipalidad, a comercios, profesores y a los colaboradores del club y a todos quienes de una u otra manera colaboraron con el evento.<\/span><\/span><\/p>\n","protected":false},"excerpt":{"rendered":"<p>En la jornada del s\u00e1bado 20 de septiembre se realiz\u00f3 la XXIII edici\u00f3n del ENCUENTRO de MINI [&hellip;]<\/p>\n","protected":false},"author":3,"featured_media":767,"comment_status":"open","ping_status":"open","sticky":false,"template":"","format":"standard","meta":{"_jetpack_memberships_contains_paid_content":false,"footnotes":"","jetpack_publicize_message":"","jetpack_publicize_feature_enabled":true,"jetpack_social_post_already_shared":true,"jetpack_social_options":{"image_generator_settings":{"template":"highway","enabled":false}}},"categories":[7],"tags":[],"jetpack_publicize_connections":[],"jetpack_featured_media_url":"https:\/\/enteculturalsantafesino.com.ar\/usina5\/wp-content\/uploads\/2014\/09\/P9200014.jpg","jetpack_sharing_enabled":true,"_links":{"self":[{"href":"https:\/\/enteculturalsantafesino.com.ar\/usina5\/wp-json\/wp\/v2\/posts\/766"}],"collection":[{"href":"https:\/\/enteculturalsantafesino.com.ar\/usina5\/wp-json\/wp\/v2\/posts"}],"about":[{"href":"https:\/\/enteculturalsantafesino.com.ar\/usina5\/wp-json\/wp\/v2\/types\/post"}],"author":[{"embeddable":true,"href":"https:\/\/enteculturalsantafesino.com.ar\/usina5\/wp-json\/wp\/v2\/users\/3"}],"replies":[{"embeddable":true,"href":"https:\/\/enteculturalsantafesino.com.ar\/usina5\/wp-json\/wp\/v2\/comments?post=766"}],"version-history":[{"count":0,"href":"https:\/\/enteculturalsantafesino.com.ar\/usina5\/wp-json\/wp\/v2\/posts\/766\/revisions"}],"wp:featuredmedia":[{"embeddable":true,"href":"https:\/\/enteculturalsantafesino.com.ar\/usina5\/wp-json\/wp\/v2\/media\/767"}],"wp:attachment":[{"href":"https:\/\/enteculturalsantafesino.com.ar\/usina5\/wp-json\/wp\/v2\/media?parent=766"}],"wp:term":[{"taxonomy":"category","embeddable":true,"href":"https:\/\/enteculturalsantafesino.com.ar\/usina5\/wp-json\/wp\/v2\/categories?post=766"},{"taxonomy":"post_tag","embeddable":true,"href":"https:\/\/enteculturalsantafesino.com.ar\/usina5\/wp-json\/wp\/v2\/tags?post=766"}],"curies":[{"name":"wp","href":"https:\/\/api.w.org\/{rel}","templated":true}]}}