{"id":996,"date":"2014-12-04T12:28:38","date_gmt":"2014-12-04T12:28:38","guid":{"rendered":"http:\/\/entecultura.com.ar\/usina5\/?p=996"},"modified":"2014-12-04T12:28:38","modified_gmt":"2014-12-04T12:28:38","slug":"ceres-alumnos-de-la-esc-no-413-visitaron-la-municipalidad","status":"publish","type":"post","link":"https:\/\/enteculturalsantafesino.com.ar\/usina5\/2014\/12\/ceres-alumnos-de-la-esc-no-413-visitaron-la-municipalidad\/","title":{"rendered":"CERES: ALUMNOS DE LA ESC N\u00ba 413 VISITARON LA MUNICIPALIDAD"},"content":{"rendered":"<p>En la ma\u00f1ana de este viernes, el Secretario de Gobierno y Cultura Ernesto Paul\u00f3n recibi\u00f3 a los alumnos 3\u00ba grado de la Escuela N\u00ba Domingo Faustino Sarmiento.<a href=\"http:\/\/enteculturalsantafesino.com.ar\/usina5\/wp-content\/uploads\/2014\/12\/DSC_0324-Copy-1.jpg\" rel=\"lightbox[996]\"><img loading=\"lazy\" decoding=\"async\" class=\"alignright wp-image-997 size-medium\" src=\"http:\/\/enteculturalsantafesino.com.ar\/usina5\/wp-content\/uploads\/2014\/12\/DSC_0324-Copy-1-300x199.jpg\" alt=\"DSC_0324 (Copy) (1)\" width=\"300\" height=\"199\" srcset=\"https:\/\/enteculturalsantafesino.com.ar\/usina5\/wp-content\/uploads\/2014\/12\/DSC_0324-Copy-1-300x199.jpg 300w, https:\/\/enteculturalsantafesino.com.ar\/usina5\/wp-content\/uploads\/2014\/12\/DSC_0324-Copy-1.jpg 833w\" sizes=\"(max-width: 300px) 100vw, 300px\" \/><\/a><br \/>\nCon motivo de recorrer el Municipio y conocer su<span class=\"ecxapple-converted-space\">\u00a0<\/span><span class=\"ecxtextexposedshow\">funcionamiento, docentes de la instituci\u00f3n y m\u00e1s de treinta ni\u00f1os de la misma, fueron acompa\u00f1ados por el Sr. Paul\u00f3n, visitando cada uno de los espacios donde les explic\u00f3 la tarea que se desarrolla en ese lugar espec\u00edfico.<br \/>\n<span class=\"ecxtextexposedshow\">Los ni\u00f1os curiosamente apreciaron este paseo, propuesto dentro de las actividades educativas de la Escuela a la que concurren.<\/span><br \/>\n<span class=\"ecxtextexposedshow\">Finalizando la visita, Paul\u00f3n les entrego una golosina a los peque\u00f1itos. Y recibi\u00f3 un mate en forma de presente y un petitorio. Las docentes le agradecieron su predisposici\u00f3n, siendo en definitiva un momento placentero para todos los que integraron este recorrido<\/span><\/span><\/p>\n","protected":false},"excerpt":{"rendered":"<p>En la ma\u00f1ana de este viernes, el Secretario de Gobierno y Cultura Ernesto Paul\u00f3n recibi\u00f3 a los [&hellip;]<\/p>\n","protected":false},"author":3,"featured_media":997,"comment_status":"open","ping_status":"open","sticky":false,"template":"","format":"standard","meta":{"_jetpack_memberships_contains_paid_content":false,"footnotes":"","jetpack_publicize_message":"","jetpack_publicize_feature_enabled":true,"jetpack_social_post_already_shared":true,"jetpack_social_options":{"image_generator_settings":{"template":"highway","enabled":false}}},"categories":[7],"tags":[],"jetpack_publicize_connections":[],"jetpack_featured_media_url":"https:\/\/enteculturalsantafesino.com.ar\/usina5\/wp-content\/uploads\/2014\/12\/DSC_0324-Copy-1.jpg","jetpack_sharing_enabled":true,"_links":{"self":[{"href":"https:\/\/enteculturalsantafesino.com.ar\/usina5\/wp-json\/wp\/v2\/posts\/996"}],"collection":[{"href":"https:\/\/enteculturalsantafesino.com.ar\/usina5\/wp-json\/wp\/v2\/posts"}],"about":[{"href":"https:\/\/enteculturalsantafesino.com.ar\/usina5\/wp-json\/wp\/v2\/types\/post"}],"author":[{"embeddable":true,"href":"https:\/\/enteculturalsantafesino.com.ar\/usina5\/wp-json\/wp\/v2\/users\/3"}],"replies":[{"embeddable":true,"href":"https:\/\/enteculturalsantafesino.com.ar\/usina5\/wp-json\/wp\/v2\/comments?post=996"}],"version-history":[{"count":0,"href":"https:\/\/enteculturalsantafesino.com.ar\/usina5\/wp-json\/wp\/v2\/posts\/996\/revisions"}],"wp:featuredmedia":[{"embeddable":true,"href":"https:\/\/enteculturalsantafesino.com.ar\/usina5\/wp-json\/wp\/v2\/media\/997"}],"wp:attachment":[{"href":"https:\/\/enteculturalsantafesino.com.ar\/usina5\/wp-json\/wp\/v2\/media?parent=996"}],"wp:term":[{"taxonomy":"category","embeddable":true,"href":"https:\/\/enteculturalsantafesino.com.ar\/usina5\/wp-json\/wp\/v2\/categories?post=996"},{"taxonomy":"post_tag","embeddable":true,"href":"https:\/\/enteculturalsantafesino.com.ar\/usina5\/wp-json\/wp\/v2\/tags?post=996"}],"curies":[{"name":"wp","href":"https:\/\/api.w.org\/{rel}","templated":true}]}}