{"id":1566,"date":"2023-05-24T03:35:12","date_gmt":"2023-05-24T03:35:12","guid":{"rendered":"http:\/\/enteculturalsantafesino.com.ar\/usina6\/?p=1566"},"modified":"2023-05-24T03:35:15","modified_gmt":"2023-05-24T03:35:15","slug":"tostado-estara-presente-en-la-muestra-forma-y-color","status":"publish","type":"post","link":"https:\/\/enteculturalsantafesino.com.ar\/usina6\/2023\/05\/tostado-estara-presente-en-la-muestra-forma-y-color\/","title":{"rendered":"Tostado estar\u00e1 presente en la muestra \u00abForma y Color\u00bb"},"content":{"rendered":"\n<p>El pr\u00f3ximo<strong>\u00a0domingo 28 de mayo<\/strong>\u00a0a las\u00a0<strong>19hs<\/strong>, m\u00e1s de 100 obras provenientes de las distintas comunidades adheridas a dicho espacio cultural se expondr\u00e1n en las instalaciones\u00a0de la\u00a0<strong>Casa de la Historia y la Cultura del Bicentenario\u00a0<\/strong>(Pasteur 456) <strong>&#8211; G\u00e1lvez &#8211;<\/strong><\/p>\n\n\n\n<p>Desde la cabecera del <strong>dpto. 9 de Julio<\/strong> formar\u00e1n parte de esta convocatoria santafesina en el marco del <strong>15\u00b0 aniversario<\/strong> del <strong>Ente Cultural Santafesino.<\/strong><\/p>\n\n\n\n<p>La<strong>\u00a0Directora de la Usina VI, Claudia Rabellino, <\/strong>recibi\u00f3 las obras de las artistas pl\u00e1sticas: <strong>Gladis Iruretagoyena, Ana Luisa Ferrarini, Estela Briccola y Analia Sagardoy<\/strong>, las cuales fueron trasladadas a la ciudad de <strong>G\u00e1lvez.<\/strong><\/p>\n\n\n\n<p>El\u00a0<strong>Programa \u00abForma y Color\u00bb<\/strong>\u00a0desde hace quince a\u00f1os, posee como finalidad organizar m\u00faltiples y diversas muestras de artistas pl\u00e1sticos, los cuales exponen sus trabajos en diversas jornadas\u00a0programadas dentro del calendario dispuesto por cada Usina Cultural, originando un espacio de interacci\u00f3n entre distintas personalidades (artistas),\u00a0t\u00e9cnicas,\u00a0y habitantes de nuestra provincia.<\/p>\n","protected":false},"excerpt":{"rendered":"<p>El pr\u00f3ximo\u00a0domingo 28 de mayo\u00a0a las\u00a019hs, m\u00e1s de 100 obras provenientes de las distintas comunidades adheridas a [&hellip;]<\/p>\n","protected":false},"author":2,"featured_media":1567,"comment_status":"open","ping_status":"open","sticky":false,"template":"","format":"standard","meta":{"spay_email":"","footnotes":"","jetpack_publicize_message":""},"categories":[4,2],"tags":[],"jetpack_featured_media_url":"https:\/\/enteculturalsantafesino.com.ar\/usina6\/wp-content\/uploads\/2023\/05\/ec150e7e-ffab-47d8-9c3a-015daee3568a.jpg","jetpack_publicize_connections":[],"jetpack_sharing_enabled":true,"_links":{"self":[{"href":"https:\/\/enteculturalsantafesino.com.ar\/usina6\/wp-json\/wp\/v2\/posts\/1566"}],"collection":[{"href":"https:\/\/enteculturalsantafesino.com.ar\/usina6\/wp-json\/wp\/v2\/posts"}],"about":[{"href":"https:\/\/enteculturalsantafesino.com.ar\/usina6\/wp-json\/wp\/v2\/types\/post"}],"author":[{"embeddable":true,"href":"https:\/\/enteculturalsantafesino.com.ar\/usina6\/wp-json\/wp\/v2\/users\/2"}],"replies":[{"embeddable":true,"href":"https:\/\/enteculturalsantafesino.com.ar\/usina6\/wp-json\/wp\/v2\/comments?post=1566"}],"version-history":[{"count":1,"href":"https:\/\/enteculturalsantafesino.com.ar\/usina6\/wp-json\/wp\/v2\/posts\/1566\/revisions"}],"predecessor-version":[{"id":1568,"href":"https:\/\/enteculturalsantafesino.com.ar\/usina6\/wp-json\/wp\/v2\/posts\/1566\/revisions\/1568"}],"wp:featuredmedia":[{"embeddable":true,"href":"https:\/\/enteculturalsantafesino.com.ar\/usina6\/wp-json\/wp\/v2\/media\/1567"}],"wp:attachment":[{"href":"https:\/\/enteculturalsantafesino.com.ar\/usina6\/wp-json\/wp\/v2\/media?parent=1566"}],"wp:term":[{"taxonomy":"category","embeddable":true,"href":"https:\/\/enteculturalsantafesino.com.ar\/usina6\/wp-json\/wp\/v2\/categories?post=1566"},{"taxonomy":"post_tag","embeddable":true,"href":"https:\/\/enteculturalsantafesino.com.ar\/usina6\/wp-json\/wp\/v2\/tags?post=1566"}],"curies":[{"name":"wp","href":"https:\/\/api.w.org\/{rel}","templated":true}]}}